{"id":3414,"date":"2016-08-12T20:55:37","date_gmt":"2016-08-12T18:55:37","guid":{"rendered":"http:\/\/rubbeldidup.net\/blog\/?p=3414"},"modified":"2018-04-26T19:32:35","modified_gmt":"2018-04-26T17:32:35","slug":"reisebericht-island-im-september-2014-2","status":"publish","type":"post","link":"https:\/\/rubbeldidup.net\/blog\/?p=3414","title":{"rendered":"Reisebericht Island im Mai 2015"},"content":{"rendered":"<p>Mit *\u00e4h* leichter Versp\u00e4tung mein <strong><a title=\"Iceland 2015\" href=\"http:\/\/rubbeldidup.net\/blog\/?page_id=3287\">Reisebericht f\u00fcr Island im Mai 2015<\/a><\/strong>.<\/p>\n<p>\u00c1 eftir vetrinum kemur vori\u00f0. &#8211; Nach dem Winter kommt der Fr\u00fchling, so zumindest die Theorie. In Island war er jedenfalls nicht zu finden und die Isl\u00e4nder sprachen oft vom l\u00e4ngsten und schneereichsten Winter seit 25 Jahren.<\/p>\n<p>Eigentlich hatte ich dieses Jahr gar keine Reise dorthin geplant, aber als mich ein Freund fragte, ob ich mitkommen m\u00f6chte, musste ich nicht lang \u00fcberlegen. Dieses Mal mit seinem Gel\u00e4ndewagen (&#8230; der auch schon mal in einer Furt abgesoffen ist) und hin per F\u00e4hre. Die Reise sollte uns erst einmal nach D\u00e4nemark, genauer gesagt Hirtshals, f\u00fchren und dann \u00fcber die F\u00e4r\u00f6er-Inseln bis nach Sey\u00f0isfj\u00f6r\u00f0ur im Osten Islands.<\/p>\n","protected":false},"excerpt":{"rendered":"<p>Mit *\u00e4h* leichter Versp\u00e4tung mein Reisebericht f\u00fcr Island im Mai 2015. \u00c1 eftir vetrinum kemur vori\u00f0. &#8211; Nach dem Winter kommt der Fr\u00fchling, so zumindest die Theorie. In Island war er jedenfalls nicht zu finden und die Isl\u00e4nder sprachen oft vom l\u00e4ngsten und schneereichsten Winter seit 25 Jahren. Eigentlich hatte ich dieses Jahr gar keine Reise dorthin geplant, aber als mich ein Freund fragte, ob ich mitkommen m\u00f6chte, musste ich nicht lang \u00fcberlegen. Dieses Mal mit seinem Gel\u00e4ndewagen (&#8230; der auch schon mal in einer Furt abgesoffen ist) und hin per F\u00e4hre. Die Reise sollte uns erst einmal nach D\u00e4nemark, genauer gesagt Hirtshals, f\u00fchren und dann \u00fcber die F\u00e4r\u00f6er-Inseln bis nach Sey\u00f0isfj\u00f6r\u00f0ur im Osten Islands.<\/p>\n","protected":false},"author":3,"featured_media":3423,"comment_status":"closed","ping_status":"closed","sticky":false,"template":"","format":"standard","meta":[],"categories":[1],"tags":[70,81,80,30,75,65,34,16,15,76,73,82,77,74,67,72,71,23,78,79,33],"_links":{"self":[{"href":"https:\/\/rubbeldidup.net\/blog\/index.php?rest_route=\/wp\/v2\/posts\/3414"}],"collection":[{"href":"https:\/\/rubbeldidup.net\/blog\/index.php?rest_route=\/wp\/v2\/posts"}],"about":[{"href":"https:\/\/rubbeldidup.net\/blog\/index.php?rest_route=\/wp\/v2\/types\/post"}],"author":[{"embeddable":true,"href":"https:\/\/rubbeldidup.net\/blog\/index.php?rest_route=\/wp\/v2\/users\/3"}],"replies":[{"embeddable":true,"href":"https:\/\/rubbeldidup.net\/blog\/index.php?rest_route=%2Fwp%2Fv2%2Fcomments&post=3414"}],"version-history":[{"count":6,"href":"https:\/\/rubbeldidup.net\/blog\/index.php?rest_route=\/wp\/v2\/posts\/3414\/revisions"}],"predecessor-version":[{"id":3430,"href":"https:\/\/rubbeldidup.net\/blog\/index.php?rest_route=\/wp\/v2\/posts\/3414\/revisions\/3430"}],"wp:featuredmedia":[{"embeddable":true,"href":"https:\/\/rubbeldidup.net\/blog\/index.php?rest_route=\/wp\/v2\/media\/3423"}],"wp:attachment":[{"href":"https:\/\/rubbeldidup.net\/blog\/index.php?rest_route=%2Fwp%2Fv2%2Fmedia&parent=3414"}],"wp:term":[{"taxonomy":"category","embeddable":true,"href":"https:\/\/rubbeldidup.net\/blog\/index.php?rest_route=%2Fwp%2Fv2%2Fcategories&post=3414"},{"taxonomy":"post_tag","embeddable":true,"href":"https:\/\/rubbeldidup.net\/blog\/index.php?rest_route=%2Fwp%2Fv2%2Ftags&post=3414"}],"curies":[{"name":"wp","href":"https:\/\/api.w.org\/{rel}","templated":true}]}}